{"id":1062,"count":4,"description":"<p data-renderer-start-pos=\"59\">Inspirada na imensid\u00e3o do mar, a cole\u00e7\u00e3o Al Mare traduz a leveza e a for\u00e7a das \u00e1guas em cria\u00e7\u00f5es \u00fanicas. Tons vibrantes de azul e verde refletem a profundidade dos oceanos, eternizados pelo olhar art\u00edstico do ourives e designer Thiago Pessoa.<\/p>\r\n<p data-renderer-start-pos=\"319\">Descubra a cole\u00e7\u00e3o Al Mare e leve consigo a energia e a eleg\u00e2ncia do mar.<\/p>\r\n<p data-renderer-start-pos=\"394\">Que as for\u00e7as do MAR estejam com voc\u00ea!<\/p>","link":"https:\/\/thiagopessoa.com\/pt_br\/product-category\/colecoes\/al-mare\/","name":"Cole\u00e7\u00e3o Al Mare","slug":"al-mare","taxonomy":"product_cat","parent":945,"meta":[],"menu_order":0,"yoast_head":"<!-- This site is optimized with the Yoast SEO plugin v27.4 - https:\/\/yoast.com\/product\/yoast-seo-wordpress\/ -->\n<title>Arquivos Cole\u00e7\u00e3o Al Mare - Thiago Pessoa<\/title>\n<meta name=\"robots\" content=\"index, follow, max-snippet:-1, max-image-preview:large, max-video-preview:-1\" \/>\n<link rel=\"canonical\" href=\"https:\/\/thiagopessoa.com\/pt_br\/product-category\/colecoes\/al-mare\/\" \/>\n<meta property=\"og:locale\" content=\"pt_BR\" \/>\n<meta property=\"og:type\" content=\"article\" \/>\n<meta property=\"og:title\" content=\"Arquivos Cole\u00e7\u00e3o Al Mare - Thiago Pessoa\" \/>\n<meta property=\"og:description\" content=\"Inspirada na imensid\u00e3o do mar, a cole\u00e7\u00e3o Al Mare traduz a leveza e a for\u00e7a das \u00e1guas em cria\u00e7\u00f5es \u00fanicas. Tons vibrantes de azul e verde refletem a profundidade dos oceanos, eternizados pelo olhar art\u00edstico do ourives e designer Thiago Pessoa. Descubra a cole\u00e7\u00e3o Al Mare e leve consigo a energia e a eleg\u00e2ncia do mar. Que as for\u00e7as do MAR estejam com voc\u00ea!\" \/>\n<meta property=\"og:url\" content=\"https:\/\/thiagopessoa.com\/pt_br\/product-category\/colecoes\/al-mare\/\" \/>\n<meta property=\"og:site_name\" content=\"Thiago Pessoa\" \/>\n<meta property=\"og:image\" content=\"https:\/\/thiagopessoa.com\/wp-content\/uploads\/2023\/08\/WhatsApp-Image-2023-08-17-at-20.55.08.jpeg\" \/>\n\t<meta property=\"og:image:width\" content=\"1066\" \/>\n\t<meta property=\"og:image:height\" content=\"1600\" \/>\n\t<meta property=\"og:image:type\" content=\"image\/jpeg\" \/>\n<meta name=\"twitter:card\" content=\"summary_large_image\" \/>\n<script type=\"application\/ld+json\" class=\"yoast-schema-graph\">{\"@context\":\"https:\\\/\\\/schema.org\",\"@graph\":[{\"@type\":\"CollectionPage\",\"@id\":\"https:\\\/\\\/thiagopessoa.com\\\/product-category\\\/colecoes\\\/al-mare\\\/\",\"url\":\"https:\\\/\\\/thiagopessoa.com\\\/product-category\\\/colecoes\\\/al-mare\\\/\",\"name\":\"Arquivos Cole\u00e7\u00e3o Al Mare - Thiago Pessoa\",\"isPartOf\":{\"@id\":\"https:\\\/\\\/thiagopessoa.com\\\/#website\"},\"breadcrumb\":{\"@id\":\"https:\\\/\\\/thiagopessoa.com\\\/product-category\\\/colecoes\\\/al-mare\\\/#breadcrumb\"},\"inLanguage\":\"pt-BR\"},{\"@type\":\"BreadcrumbList\",\"@id\":\"https:\\\/\\\/thiagopessoa.com\\\/product-category\\\/colecoes\\\/al-mare\\\/#breadcrumb\",\"itemListElement\":[{\"@type\":\"ListItem\",\"position\":1,\"name\":\"In\u00edcio\",\"item\":\"https:\\\/\\\/thiagopessoa.com\\\/pt_br\\\/\"},{\"@type\":\"ListItem\",\"position\":2,\"name\":\"Shop\",\"item\":\"https:\\\/\\\/thiagopessoa.com\\\/shop\\\/\"},{\"@type\":\"ListItem\",\"position\":3,\"name\":\"Cole\u00e7\u00f5es\",\"item\":\"https:\\\/\\\/thiagopessoa.com\\\/product-category\\\/colecoes\\\/\"},{\"@type\":\"ListItem\",\"position\":4,\"name\":\"Cole\u00e7\u00e3o Al Mare\"}]},{\"@type\":\"WebSite\",\"@id\":\"https:\\\/\\\/thiagopessoa.com\\\/#website\",\"url\":\"https:\\\/\\\/thiagopessoa.com\\\/\",\"name\":\"Loja Thiago Pessoa\",\"description\":\"Ourives e Designer de Joias\",\"publisher\":{\"@id\":\"https:\\\/\\\/thiagopessoa.com\\\/#organization\"},\"alternateName\":\"Thiago Pessoa\",\"potentialAction\":[{\"@type\":\"SearchAction\",\"target\":{\"@type\":\"EntryPoint\",\"urlTemplate\":\"https:\\\/\\\/thiagopessoa.com\\\/?s={search_term_string}\"},\"query-input\":{\"@type\":\"PropertyValueSpecification\",\"valueRequired\":true,\"valueName\":\"search_term_string\"}}],\"inLanguage\":\"pt-BR\"},{\"@type\":\"Organization\",\"@id\":\"https:\\\/\\\/thiagopessoa.com\\\/#organization\",\"name\":\"Thiago Pessoa Ourivesaria & Design de joias e alian\u00e7as exclusivas e personalizadas.\",\"alternateName\":\"Thiago Pessoa Ourivesaria & Design de joias e alian\u00e7as exclusivas e personalizadas.\",\"url\":\"https:\\\/\\\/thiagopessoa.com\\\/\",\"logo\":{\"@type\":\"ImageObject\",\"inLanguage\":\"pt-BR\",\"@id\":\"https:\\\/\\\/thiagopessoa.com\\\/#\\\/schema\\\/logo\\\/image\\\/\",\"url\":\"http:\\\/\\\/thiagopessoa.com\\\/wp-content\\\/uploads\\\/2022\\\/12\\\/SUPERHORIZONTAL_PRETO.png\",\"contentUrl\":\"http:\\\/\\\/thiagopessoa.com\\\/wp-content\\\/uploads\\\/2022\\\/12\\\/SUPERHORIZONTAL_PRETO.png\",\"width\":2226,\"height\":622,\"caption\":\"Thiago Pessoa Ourivesaria & Design de joias e alian\u00e7as exclusivas e personalizadas.\"},\"image\":{\"@id\":\"https:\\\/\\\/thiagopessoa.com\\\/#\\\/schema\\\/logo\\\/image\\\/\"},\"sameAs\":[\"https:\\\/\\\/www.instagram.com\\\/thiagopessoajoias\\\/\"]}]}<\/script>\n<!-- \/ Yoast SEO plugin. -->","yoast_head_json":{"title":"Arquivos Cole\u00e7\u00e3o Al Mare - Thiago Pessoa","robots":{"index":"index","follow":"follow","max-snippet":"max-snippet:-1","max-image-preview":"max-image-preview:large","max-video-preview":"max-video-preview:-1"},"canonical":"https:\/\/thiagopessoa.com\/pt_br\/product-category\/colecoes\/al-mare\/","og_locale":"pt_BR","og_type":"article","og_title":"Arquivos Cole\u00e7\u00e3o Al Mare - Thiago Pessoa","og_description":"Inspirada na imensid\u00e3o do mar, a cole\u00e7\u00e3o Al Mare traduz a leveza e a for\u00e7a das \u00e1guas em cria\u00e7\u00f5es \u00fanicas. Tons vibrantes de azul e verde refletem a profundidade dos oceanos, eternizados pelo olhar art\u00edstico do ourives e designer Thiago Pessoa. Descubra a cole\u00e7\u00e3o Al Mare e leve consigo a energia e a eleg\u00e2ncia do mar. Que as for\u00e7as do MAR estejam com voc\u00ea!","og_url":"https:\/\/thiagopessoa.com\/pt_br\/product-category\/colecoes\/al-mare\/","og_site_name":"Thiago Pessoa","og_image":[{"width":1066,"height":1600,"url":"https:\/\/thiagopessoa.com\/wp-content\/uploads\/2023\/08\/WhatsApp-Image-2023-08-17-at-20.55.08.jpeg","type":"image\/jpeg"}],"twitter_card":"summary_large_image","schema":{"@context":"https:\/\/schema.org","@graph":[{"@type":"CollectionPage","@id":"https:\/\/thiagopessoa.com\/product-category\/colecoes\/al-mare\/","url":"https:\/\/thiagopessoa.com\/product-category\/colecoes\/al-mare\/","name":"Arquivos Cole\u00e7\u00e3o Al Mare - Thiago Pessoa","isPartOf":{"@id":"https:\/\/thiagopessoa.com\/#website"},"breadcrumb":{"@id":"https:\/\/thiagopessoa.com\/product-category\/colecoes\/al-mare\/#breadcrumb"},"inLanguage":"pt-BR"},{"@type":"BreadcrumbList","@id":"https:\/\/thiagopessoa.com\/product-category\/colecoes\/al-mare\/#breadcrumb","itemListElement":[{"@type":"ListItem","position":1,"name":"In\u00edcio","item":"https:\/\/thiagopessoa.com\/pt_br\/"},{"@type":"ListItem","position":2,"name":"Shop","item":"https:\/\/thiagopessoa.com\/shop\/"},{"@type":"ListItem","position":3,"name":"Cole\u00e7\u00f5es","item":"https:\/\/thiagopessoa.com\/product-category\/colecoes\/"},{"@type":"ListItem","position":4,"name":"Cole\u00e7\u00e3o Al Mare"}]},{"@type":"WebSite","@id":"https:\/\/thiagopessoa.com\/#website","url":"https:\/\/thiagopessoa.com\/","name":"Loja Thiago Pessoa","description":"Ourives e Designer de Joias","publisher":{"@id":"https:\/\/thiagopessoa.com\/#organization"},"alternateName":"Thiago Pessoa","potentialAction":[{"@type":"SearchAction","target":{"@type":"EntryPoint","urlTemplate":"https:\/\/thiagopessoa.com\/?s={search_term_string}"},"query-input":{"@type":"PropertyValueSpecification","valueRequired":true,"valueName":"search_term_string"}}],"inLanguage":"pt-BR"},{"@type":"Organization","@id":"https:\/\/thiagopessoa.com\/#organization","name":"Thiago Pessoa Ourivesaria & Design de joias e alian\u00e7as exclusivas e personalizadas.","alternateName":"Thiago Pessoa Ourivesaria & Design de joias e alian\u00e7as exclusivas e personalizadas.","url":"https:\/\/thiagopessoa.com\/","logo":{"@type":"ImageObject","inLanguage":"pt-BR","@id":"https:\/\/thiagopessoa.com\/#\/schema\/logo\/image\/","url":"http:\/\/thiagopessoa.com\/wp-content\/uploads\/2022\/12\/SUPERHORIZONTAL_PRETO.png","contentUrl":"http:\/\/thiagopessoa.com\/wp-content\/uploads\/2022\/12\/SUPERHORIZONTAL_PRETO.png","width":2226,"height":622,"caption":"Thiago Pessoa Ourivesaria & Design de joias e alian\u00e7as exclusivas e personalizadas."},"image":{"@id":"https:\/\/thiagopessoa.com\/#\/schema\/logo\/image\/"},"sameAs":["https:\/\/www.instagram.com\/thiagopessoajoias\/"]}]}},"_links":{"self":[{"href":"https:\/\/thiagopessoa.com\/pt_br\/wp-json\/wp\/v2\/product_cat\/1062","targetHints":{"allow":["GET"]}}],"collection":[{"href":"https:\/\/thiagopessoa.com\/pt_br\/wp-json\/wp\/v2\/product_cat"}],"about":[{"href":"https:\/\/thiagopessoa.com\/pt_br\/wp-json\/wp\/v2\/taxonomies\/product_cat"}],"up":[{"embeddable":true,"href":"https:\/\/thiagopessoa.com\/pt_br\/wp-json\/wp\/v2\/product_cat\/945"}],"wp:post_type":[{"href":"https:\/\/thiagopessoa.com\/pt_br\/wp-json\/wp\/v2\/product?product_cat=1062"}],"curies":[{"name":"wp","href":"https:\/\/api.w.org\/{rel}","templated":true}]}}